{"id":2849,"date":"2018-09-16T11:40:55","date_gmt":"2018-09-16T09:40:55","guid":{"rendered":"http:\/\/wm59.de\/?p=2849"},"modified":"2018-10-16T22:28:23","modified_gmt":"2018-10-16T20:28:23","slug":"2849","status":"publish","type":"post","link":"https:\/\/wm59.de\/?p=2849","title":{"rendered":"\\\\ Zu Gast bei Phoenix Riegelsberg"},"content":{"rendered":"<p><span style=\"font-size: medium\">Am 31.August und 01. September waren die Radsportler des RV M\u00f6ve Schmelz zu Gast bei den Radfreunden Phoenix Riegelsberg, die an dem Wochenende gleich zwei Radsportveranstaltungen anboten. Freitags fand die Sch\u00fcler MTB Meisterschaft statt und samstags das 7. Liga Rennen der MTB Saar Pfalz Cup Serie.<\/span><\/p>\n<p><span style=\"font-size: medium\">Bei der Sch\u00fclermeisterschaft, bei der in diesem Jahr mit \u00fcber 300 Sch\u00fclerinnen und Sch\u00fclern ein Rekord an Teilnehmer geknackt wurde, starteten zwei M\u00e4desl vom RV M\u00f6ve Schmelz in den Klassen 5. Schuljahr und 7. Schuljahr. <b>Hanna Irsch<\/b> konnte das Rennen der 5. Kl\u00e4ssler souver\u00e4n f\u00fcr sich entscheiden. <b>Nele Hammer <\/b>belegte bei den 7. Kl\u00e4sslern einen tollen 6. Platz.<\/span><\/p>\n<p><span style=\"font-size: medium\">\u00a0<\/span><\/p>\n<p><span style=\"font-size: medium\">Samstags konnten die Radsportler beim Liga Cup ebenfalls sehr gute Platzierungen einfahren. <b>Philipp Irsch<\/b> platzierte sich in der Klasse U11 auf einem starken 3. Platz. Ebenfalls dritter wurde <b>Hanna Irsch<\/b> bei den Sch\u00fclern U13 und <b>Thomas Hammer<\/b> bei den Senioren 2.<\/span><\/p>\n<p><span style=\"font-size: medium\">\u00a0<span style=\"font-size: medium\"><a href=\"http:\/\/wm59.de\/wp-content\/uploads\/2018\/09\/IMG_20180901_115345.jpg\"><img loading=\"lazy\" decoding=\"async\" class=\"alignnone size-medium wp-image-2854\" alt=\"IMG_20180901_115345\" src=\"http:\/\/wm59.de\/wp-content\/uploads\/2018\/09\/IMG_20180901_115345-188x300.jpg\" width=\"188\" height=\"300\" srcset=\"https:\/\/wm59.de\/wp-content\/uploads\/2018\/09\/IMG_20180901_115345-188x300.jpg 188w, https:\/\/wm59.de\/wp-content\/uploads\/2018\/09\/IMG_20180901_115345-643x1024.jpg 643w\" sizes=\"auto, (max-width: 188px) 100vw, 188px\" \/><\/a><\/span><\/span><\/p>\n<p><span style=\"font-size: medium\">Eine Woche sp\u00e4ter stand das 8. MTB Liga Rennen in Freisen auf dem Plan. Bei der U11 belegte <b>Philipp Irsch <\/b>den 4. Platz. <b>Lukas Daun<\/b> wurde 23.<\/span><\/p>\n<p><span style=\"font-size: medium\"><b>Hanna Irsch <\/b>fuhr auf einen tollen 3. Platz bei den Sch\u00fclern U13.<\/span><\/p>\n<p><a href=\"http:\/\/wm59.de\/wp-content\/uploads\/2018\/09\/IMG_20180908_135601.jpg\"><img loading=\"lazy\" decoding=\"async\" class=\"alignnone size-medium wp-image-2851\" alt=\"IMG_20180908_135601\" src=\"http:\/\/wm59.de\/wp-content\/uploads\/2018\/09\/IMG_20180908_135601-224x300.jpg\" width=\"224\" height=\"300\" srcset=\"https:\/\/wm59.de\/wp-content\/uploads\/2018\/09\/IMG_20180908_135601-224x300.jpg 224w, https:\/\/wm59.de\/wp-content\/uploads\/2018\/09\/IMG_20180908_135601-768x1024.jpg 768w\" sizes=\"auto, (max-width: 224px) 100vw, 224px\" \/><\/a><\/p>\n<p><span style=\"font-size: medium\">Auch<b> Nele Hammer<\/b> fuhr ein starkes Renen und belegte bei der U15 den 2.Platz.<\/span><\/p>\n<p><span style=\"font-size: medium\"><a href=\"http:\/\/wm59.de\/wp-content\/uploads\/2018\/09\/IMG_20180908_134223.jpg\"><img loading=\"lazy\" decoding=\"async\" class=\"alignnone size-medium wp-image-2850\" alt=\"IMG_20180908_134223\" src=\"http:\/\/wm59.de\/wp-content\/uploads\/2018\/09\/IMG_20180908_134223-224x300.jpg\" width=\"224\" height=\"300\" srcset=\"https:\/\/wm59.de\/wp-content\/uploads\/2018\/09\/IMG_20180908_134223-224x300.jpg 224w, https:\/\/wm59.de\/wp-content\/uploads\/2018\/09\/IMG_20180908_134223-768x1024.jpg 768w\" sizes=\"auto, (max-width: 224px) 100vw, 224px\" \/><\/a><\/span><\/p>\n<p><span style=\"font-size: medium\"><b>Marcel Scherer<\/b> konnte sich bei der U19 den Gesamtsieg sichern.<\/span><\/p>\n<p><span style=\"font-size: medium\"><b>Thomas Hammer<\/b> platzierte sich beim 2 Stunden Rennen als Einzelstarter auf einem beachtlichen 2. Platz bei den Senioren 2.<\/span><\/p>\n<p><span style=\"font-size: medium\">Auch <b>Thomas Frank<\/b> startete im Fahrerfeld der Senioren 2 und belegte den 8. Rang.<\/span><\/p>\n<p><span style=\"font-size: medium\">Im Rennen der Senioren<strong> <\/strong>3 <span style=\"font-size: medium\">Fahrer konnte <strong>Stefan Thome<\/strong> auf den 7. Gesamtplatz fahren.<\/span><\/span><\/p>\n<p><a href=\"http:\/\/wm59.de\/wp-content\/uploads\/2018\/09\/IMG_20180908_161548.jpg\"><img loading=\"lazy\" decoding=\"async\" class=\"alignnone size-medium wp-image-2852\" alt=\"IMG_20180908_161548\" src=\"http:\/\/wm59.de\/wp-content\/uploads\/2018\/09\/IMG_20180908_161548-224x300.jpg\" width=\"224\" height=\"300\" srcset=\"https:\/\/wm59.de\/wp-content\/uploads\/2018\/09\/IMG_20180908_161548-224x300.jpg 224w, https:\/\/wm59.de\/wp-content\/uploads\/2018\/09\/IMG_20180908_161548-768x1024.jpg 768w\" sizes=\"auto, (max-width: 224px) 100vw, 224px\" \/><\/a><\/p>\n<p><span style=\"font-size: medium\"><b>Benny Irsch<\/b> und <b>Alexander Eichberger<\/b> starteten das 2 Stundenrennen als Team und belegten den 4. Rang<\/span><\/p>\n<p><a href=\"http:\/\/wm59.de\/wp-content\/uploads\/2018\/09\/IMG_20180908_162422.jpg\"><img loading=\"lazy\" decoding=\"async\" class=\"alignnone size-medium wp-image-2853\" alt=\"IMG_20180908_162422\" src=\"http:\/\/wm59.de\/wp-content\/uploads\/2018\/09\/IMG_20180908_162422-224x300.jpg\" width=\"224\" height=\"300\" srcset=\"https:\/\/wm59.de\/wp-content\/uploads\/2018\/09\/IMG_20180908_162422-224x300.jpg 224w, https:\/\/wm59.de\/wp-content\/uploads\/2018\/09\/IMG_20180908_162422-768x1024.jpg 768w\" sizes=\"auto, (max-width: 224px) 100vw, 224px\" \/><\/a><\/p>\n","protected":false},"excerpt":{"rendered":"<p>Am 31.August und 01. September waren die Radsportler des RV M\u00f6ve Schmelz zu Gast bei den Radfreunden Phoenix Riegelsberg, die an dem Wochenende gleich zwei Radsportveranstaltungen anboten. Freitags fand die Sch\u00fcler MTB Meisterschaft statt und samstags das 7. Liga Rennen &hellip; <a href=\"https:\/\/wm59.de\/?p=2849\">Weiterlesen <span class=\"meta-nav\">&rarr;<\/span><\/a><\/p>\n","protected":false},"author":1,"featured_media":0,"comment_status":"closed","ping_status":"closed","sticky":false,"template":"","format":"standard","meta":{"footnotes":""},"categories":[1],"tags":[],"class_list":["post-2849","post","type-post","status-publish","format-standard","hentry","category-allgemein"],"_links":{"self":[{"href":"https:\/\/wm59.de\/index.php?rest_route=\/wp\/v2\/posts\/2849","targetHints":{"allow":["GET"]}}],"collection":[{"href":"https:\/\/wm59.de\/index.php?rest_route=\/wp\/v2\/posts"}],"about":[{"href":"https:\/\/wm59.de\/index.php?rest_route=\/wp\/v2\/types\/post"}],"author":[{"embeddable":true,"href":"https:\/\/wm59.de\/index.php?rest_route=\/wp\/v2\/users\/1"}],"replies":[{"embeddable":true,"href":"https:\/\/wm59.de\/index.php?rest_route=%2Fwp%2Fv2%2Fcomments&post=2849"}],"version-history":[{"count":4,"href":"https:\/\/wm59.de\/index.php?rest_route=\/wp\/v2\/posts\/2849\/revisions"}],"predecessor-version":[{"id":2879,"href":"https:\/\/wm59.de\/index.php?rest_route=\/wp\/v2\/posts\/2849\/revisions\/2879"}],"wp:attachment":[{"href":"https:\/\/wm59.de\/index.php?rest_route=%2Fwp%2Fv2%2Fmedia&parent=2849"}],"wp:term":[{"taxonomy":"category","embeddable":true,"href":"https:\/\/wm59.de\/index.php?rest_route=%2Fwp%2Fv2%2Fcategories&post=2849"},{"taxonomy":"post_tag","embeddable":true,"href":"https:\/\/wm59.de\/index.php?rest_route=%2Fwp%2Fv2%2Ftags&post=2849"}],"curies":[{"name":"wp","href":"https:\/\/api.w.org\/{rel}","templated":true}]}}